



{"id":1295,"date":"2020-02-28T18:17:49","date_gmt":"2020-02-28T17:17:49","guid":{"rendered":"https:\/\/www.sonetsoin.com\/?p=1295"},"modified":"2020-02-28T18:17:49","modified_gmt":"2020-02-28T17:17:49","slug":"maison-maria-casares","status":"publish","type":"post","link":"https:\/\/www.sonetsoin.com\/en\/2020\/02\/28\/maison-maria-casares\/","title":{"rendered":"La Constellation Familiale &amp; le Son"},"content":{"rendered":"<p>[vc_row el_class=&#8221;nopadding&#8221;][vc_column el_class=&#8221;nopadding&#8221;]<section class=\"hero-fullscreen flex-center py-10\" data-background=\"https:\/\/www.sonetsoin.com\/en\/wp-content\/uploads\/sites\/2\/2020\/02\/9_SON_SOIN_CADILLAC_PIERRE_REDON_MAISON_MARIA_CASARES.jpg\"  data-overlay=\"black; .8\">\n\n    \t\t\t<div class=\"page-title-wrapper text-light text-left\">\n    \t\t\t\t<p class=\"bold uppercase small mb-4\">A LA MAISON MARIA CASARES :: ALLOUE - 16<\/p>\n    \t\t\t\t<h1 class=\"page-title bold\">La constellation Familiale &amp; le Son<\/h1>\n\n    \t\t\t\t<p class=\"opacity-05 mt-5\">22 &gt; 24 Novembre 2019<\/p>\n\n    \t\t\t\t<p class=\"small serif text-links mt-5\"><a href=\"\" target=\"_blank\"><\/a><\/p>\n    \t\t\t<\/div>\n\n    \t\t<\/section>[\/vc_column][\/vc_row][vc_row use_container=&#8221;1&#8243; container_def_padding=&#8221;1&#8243; padding_top=&#8221;10&#8243; padding_right=&#8221;8&#8243; padding_bottom=&#8221;10&#8243; padding_left=&#8221;8&#8243; bg_lines=&#8221;1&#8243; no_gutters=&#8221;1&#8243;][vc_column width=&#8221;1\/2&#8243; padding_right=&#8221;7&#8243; offset=&#8221;vc_col-lg-6 vc_col-md-6 vc_col-xs-12&#8243;][vc_column_text]<\/p>\n<h3>PIERRE REDON<br \/>\n&amp; L&#8217;ENSEMBLE &#8220;9&#8221;<\/h3>\n<p><b>INVITENT<\/b><\/p>\n<h4>Isabelle G\u00e9ry-Haugmard<\/h4>\n<p>[\/vc_column_text][vc_separator align=&#8221;align_left&#8221;][vc_column_text]<b><\/b><i>C\u00c9R\u00c9MONIES, S\u00c9MINAIRES,<br \/>\n&amp; SOINS INDIVIDUELS.<\/i>[\/vc_column_text][vc_separator align=&#8221;align_left&#8221;][vc_column_text]<\/p>\n<h3><b>Du 22 au\u00a0<\/b><b>24\u00a0novembre\u00a02019<\/b><\/h3>\n<p><b>\u00c0 la Maison Maria Casar\u00e8s<br \/>\n<\/b><b>ALLOUE &#8211; 16<\/b>[\/vc_column_text][vc_separator align=&#8221;align_left&#8221;]<a href=\"http:\/\/marchesonore.com\/la-boutique-shop\/\" class=\"button style-1\" target=\"_blank\">R\u00c9SERVER<\/a>[\/vc_column][vc_column width=&#8221;1\/2&#8243; padding_top=&#8221;7&#8243; offset=&#8221;vc_col-lg-6 vc_col-md-6 vc_col-xs-12&#8243;][vc_column_text]La r\u00e9sidence \u00e0 la Maison Maria Casar\u00e8s marque l\u2019ouverture d\u2019une s\u00e9rie de rencontres\u00a0propos\u00e9es par l\u2019artiste Pierre Redon en Nouvelle-Aquitaine autour du son et du soin entre 2018 et 2019.<br \/>\n<strong><span class=\"bold\">La cr\u00e9ation &#8220;9&#8221; est con\u00e7ue comme une recherche dont la question serait comment le son influence-t-il notre \u00e9tat psychique ou physique ?<\/span><\/strong><br \/>\nPour tenter de r\u00e9pondre \u00e0 cette question se r\u00e9unissent Les Ma\u00eetres du Son, musiciens ou chanteurs venus de Mongolie, de Chine, du Japon et d\u2019Europe, pour rencontrer Les Ma\u00eetres du Soin dont les pratiques touchent aussi bien aux formes du magique que de la physique quantique ou du scientifique.<br \/>\nAinsi, chaque invitation publique est bien plus qu\u2019un rendez-vous culturel, elle nous conduit \u00e0 \u00eatre le participant et l\u2019acteur de ces rencontres. Les S\u00e9minaires constituent une s\u00e9rie d\u2019\u00e9v\u00e9nements o\u00f9 seront d\u00e9livr\u00e9s des enseignements th\u00e9matiques. Les Soins donnent acc\u00e8s \u00e0 des s\u00e9ances individuelles lors desquelles Les Ma\u00eetres du Soin mettront en \u0153uvre leur savoir-faire et leur technique. Enfin, les C\u00e9r\u00e9monies dirig\u00e9es par Pierre Redon en compagnie des Ma\u00eetres du Son et des Ma\u00eetres du Soin offrent aux participants l\u2019exp\u00e9rimentation d\u2019une forme de d\u00e9passement de soi.[\/vc_column_text][\/vc_column][\/vc_row][vc_row use_container=&#8221;1&#8243; container_def_padding=&#8221;1&#8243; text_color=&#8221;light&#8221; padding_top=&#8221;6&#8243; padding_right=&#8221;7&#8243; padding_bottom=&#8221;6&#8243; padding_left=&#8221;7&#8243; bg_lines=&#8221;1&#8243; no_gutters=&#8221;1&#8243; background_color=&#8221;#222222&#8243;][vc_column width=&#8221;1\/2&#8243; padding_right=&#8221;7&#8243;]<h4>S\u00c9MINAIRE<\/h4><div class=\"row my-7\" data-animation=\"fade-in-left 1s .5s\">\n\t\t\t\t\t\t\t<div class=\"col-md-3\">\n                            <div class=\"opacity-04\">11\/2018<\/div>\n                            <div class=\"opacity-09\">23<\/div>\n\t\t\t\t\t\t\t<\/div>\n\t\t\t\t\t\t\t<div class=\"col\">\n\t\t\t\t\t\t\t\t<h5>Isabelle G\u00e9ry-Haugmard - Energ\u00e9ticienne par les sons<\/h5>\n\t\t\t\t\t\t\t\t<p class=\"small\">Apr\u00e8s un cursus musical et diff\u00e9rentes formations (en communication, psychophonologie, psychocorporel, chants harmoniques\u2026), elle d\u00e9couvre la puissance des vibrations sonores. Aujourd\u2019hui son chemin est d\u2019accompagner les \u00eatres avec \nune synergie de pratiques dans la reprogrammation cellulaire et la r\u00e9harmonisation des corps de l\u2019\u00catre. Elle utilise divers instruments que sont les diapasons, les vaisseaux de cristal, ou les bols tib\u00e9tains dont les fr\u00e9quences sont reconnues par l\u2019ADN et les cellules. <\/p>\n\t\t\t\t\t\t\t<\/div>\n\t\t\t\t\t\t<\/div><div class=\"row my-7\" data-animation=\"fade-in-left 1s .5s\">\n\t\t\t\t\t\t\t<div class=\"col-md-3\">\n                            \n                            \n\t\t\t\t\t\t\t<\/div>\n\t\t\t\t\t\t\t<div class=\"col\">\n\t\t\t\t\t\t\t\t<h5>La Constellation  Familiale<\/h5>\n\t\t\t\t\t\t\t\t<p class=\"small\">La constellation familiale est une th\u00e9rapie psychog\u00e9n\u00e9alogique qui met en jeu l\u2019inconscient familial et transg\u00e9n\u00e9rationnel. Pratiqu\u00e9e en groupe, elle permet de mettre dans l\u2019espace \nnotre arbre g\u00e9n\u00e9alogique par une forme de th\u00e9\u00e2tre th\u00e9rapeutique, pour en d\u00e9nouer les n\u0153uds. Les secrets de famille peuvent devenir \nles ma\u00eetres silencieux de nos destins, les r\u00e9v\u00e9ler est un premier pas pour mettre un terme \n\u00e0 des sc\u00e9narios r\u00e9p\u00e9titifs.<\/p>\n\t\t\t\t\t\t\t<\/div>\n\t\t\t\t\t\t<\/div><div data-animation=\"fade-in-bottom 1.2s .2s\">\n\t\t\t\t\t\t\t<h5 class=\"uppercase\">15H &gt; 18H<\/h5>\n\t\t\t\t\t\t\t<p class=\"serif small\">Entr\u00e9e libre <\/p>\n\t\t\t\t\t\t<\/div>[\/vc_column][vc_column width=&#8221;1\/2&#8243; padding_top=&#8221;5&#8243; padding_right=&#8221;7&#8243;]<div class=\"row my-7\" data-animation=\"fade-in-left 1s .5s\">\n\t\t\t\t\t\t\t<div class=\"col-md-3\">\n                            <div class=\"opacity-04\">11\/2018<\/div>\n                            <div class=\"opacity-09\">23<\/div>\n\t\t\t\t\t\t\t<\/div>\n\t\t\t\t\t\t\t<div class=\"col\">\n\t\t\t\t\t\t\t\t<h5>Pierre Redon - Les Shengs de soin<\/h5>\n\t\t\t\t\t\t\t\t<p class=\"small\">Pierre Redon pr\u00e9sente le processus de fabrication et le fonctionnement des Shengs de soin qu&#039;il a fait r\u00e9aliser en Chine selon le principe des 5 \u00e9l\u00e9ments de la m\u00e9decine traditionnelle chinoise.<\/p>\n\t\t\t\t\t\t\t<\/div>\n\t\t\t\t\t\t<\/div><div class=\"row my-7\" data-animation=\"fade-in-left 1s .5s\">\n\t\t\t\t\t\t\t<div class=\"col-md-3\">\n                            <div class=\"opacity-04\">11\/2018<\/div>\n                            <div class=\"opacity-09\">23<\/div>\n\t\t\t\t\t\t\t<\/div>\n\t\t\t\t\t\t\t<div class=\"col\">\n\t\t\t\t\t\t\t\t<h5>Naomi Sato &amp; Yifei Hua - Le Sho &amp; le Sheng<\/h5>\n\t\t\t\t\t\t\t\t<p class=\"small\">Naomi Sato et Yifei Hua pr\u00e9sente les orgues \u00e0 bouche chinois et japonais. Leurs histoire et leurs fonctions dans les musiques traditionnelles et contemporaines.<\/p>\n\t\t\t\t\t\t\t<\/div>\n\t\t\t\t\t\t<\/div>[\/vc_column][\/vc_row][vc_section css=&#8221;.vc_custom_1582912427670{padding-top: 4.5rem !important;padding-right: 6rem !important;padding-bottom: 4.5rem !important;padding-left: 6rem !important;background-image: url(https:\/\/www.sonetsoin.com\/en\/wp-content\/uploads\/sites\/2\/2020\/02\/Fond-couleur_MMC.jpg?id=1304) !important;}&#8221;][vc_row][vc_column padding_bottom=&#8221;5&#8243;]<h4 class=\"text-light\">LES C\u00c9R\u00c9MONIES<\/h4>[\/vc_column][\/vc_row][vc_row el_class=&#8221;myflex&#8221;][vc_column width=&#8221;1\/3&#8243; is_half_section=&#8221;1&#8243;][\/vc_column][vc_column width=&#8221;1\/3&#8243; is_half_section=&#8221;1&#8243; el_class=&#8221;blocrond&#8221;][vc_empty_space height=&#8221;64px&#8221;]<h4 class=\"pr-5 pl-5 bold\">LA CONSTELLATION FAMILIALE &amp; LE SON<\/h4><div data-animation=\"fade-in-bottom 1.2s .2s\">\n\t\t\t\t\t\t\t<h5 class=\"uppercase\">24 NOVEMBRE<\/h5>\n\t\t\t\t\t\t\t<p class=\"serif small\"><\/p>\n\t\t\t\t\t\t<\/div>[vc_empty_space]<p>Pierre Redon et l\u2019ensemble &#039;9&#039; invitent Isabelle G\u00e9ry-Haugmard pour un travail in\u00e9dit d\u2019int\u00e9gration de cr\u00e9ations sonores autour des 5 \u00e9l\u00e9ments de la m\u00e9decine traditionnelle chinoise au sein du dispositif des constellations familiales.<\/p>[vc_empty_space]<div data-animation=\"fade-in-bottom 1.2s .2s\">\n\t\t\t\t\t\t\t<h5 class=\"uppercase\">9H30 &gt; 18H30<\/h5>\n\t\t\t\t\t\t\t<p class=\"serif small\">25\u20ac<\/p>\n\t\t\t\t\t\t<\/div>[\/vc_column][vc_column width=&#8221;1\/3&#8243;][\/vc_column][\/vc_row][\/vc_section][vc_row use_container=&#8221;1&#8243; container_def_padding=&#8221;1&#8243; text_color=&#8221;light&#8221; padding_top=&#8221;6&#8243; padding_bottom=&#8221;6&#8243; padding_left=&#8221;7&#8243; bg_lines=&#8221;1&#8243; no_gutters=&#8221;1&#8243; background_color=&#8221;#222222&#8243; css=&#8221;.vc_custom_1582714764606{padding-top: 0px !important;padding-right: 0px !important;padding-bottom: 0px !important;padding-left: 0px !important;background-position: center !important;background-repeat: no-repeat !important;background-size: cover !important;}&#8221; el_class=&#8221;imgright&#8221;][vc_column width=&#8221;1\/2&#8243; padding_right=&#8221;7&#8243; css=&#8221;.vc_custom_1576058293117{padding-top: 30px !important;padding-bottom: 30px !important;}&#8221;][vc_row_inner css=&#8221;.vc_custom_1576242600563{padding-top: 4rem !important;padding-bottom: 4rem !important;padding-left: 6rem !important;}&#8221;][vc_column_inner]<h4>LES SOINS INDIVIDUELS<\/h4><div class=\"row my-7\" data-animation=\"fade-in-left 1s .5s\">\n\t\t\t\t\t\t\t<div class=\"col-md-3\">\n                            <div class=\"opacity-04\">11\/2018<\/div>\n                            <div class=\"opacity-09\">22<\/div>\n\t\t\t\t\t\t\t<\/div>\n\t\t\t\t\t\t\t<div class=\"col\">\n\t\t\t\t\t\t\t\t<h5>ISABELLE G\u00c9RY-HAUGMARD - \u00c9nerg\u00e9ticienne par les sons<\/h5>\n\t\t\t\t\t\t\t\t<p class=\"small\">Transformer, lib\u00e9rer par la th\u00e9rapie par les sons.<\/p>\n\t\t\t\t\t\t\t<\/div>\n\t\t\t\t\t\t<\/div><div data-animation=\"fade-in-bottom 1.2s .2s\">\n\t\t\t\t\t\t\t<h5 class=\"uppercase\">9 h 30 | 11 h30 | 14 h | 16 h <\/h5>\n\t\t\t\t\t\t\t<p class=\"serif small\">Dur\u00e9e 1H30 | 25 \u20ac<\/p>\n\t\t\t\t\t\t<\/div>[\/vc_column_inner][\/vc_row_inner][\/vc_column][vc_column width=&#8221;1\/2&#8243; padding_right=&#8221;7&#8243; el_class=&#8221;nopadding&#8221; css=&#8221;.vc_custom_1582912530320{background-position: center !important;background-repeat: no-repeat !important;background-size: cover !important;}&#8221;][vc_empty_space height=&#8221;200px&#8221; el_class=&#8221;clearbck&#8221; css=&#8221;.vc_custom_1582912522524{background-image: url(https:\/\/www.sonetsoin.com\/wp-content\/uploads\/2019\/11\/9_SON_SOIN_ISABELE_GERY_HAUGLARD_WEB-3.jpg?id=968) !important;}&#8221;][\/vc_column][\/vc_row][vc_row padding_top=&#8221;9&#8243; padding_right=&#8221;7&#8243; padding_bottom=&#8221;0&#8243; padding_left=&#8221;7&#8243; bg_lines=&#8221;1&#8243; no_gutters=&#8221;1&#8243;][vc_column]<h2 class=\"pb-5\">Les Ma\u00eetres du Son<\/h2>[vc_column_text]<\/p>\n<h5>DE L&#8217;ORIENT\u00a0A L&#8217;OCCIDENT<br \/>\nL&#8217;ENSEMBLE &#8220;9&#8221;<\/h5>\n<p>[\/vc_column_text][\/vc_column][\/vc_row][vc_row use_container=&#8221;1&#8243; container_def_padding=&#8221;1&#8243; padding_top=&#8221;9&#8243; padding_right=&#8221;7&#8243; padding_bottom=&#8221;9&#8243; padding_left=&#8221;7&#8243; bg_lines=&#8221;1&#8243; no_gutters=&#8221;1&#8243;][vc_column width=&#8221;1\/3&#8243; padding_right=&#8221;7&#8243;]<div data-animation=\"fade-in-bottom 1.2s .2s\">\n\t\t\t\t\t\t\t<h5 class=\"uppercase\">Pierre Redon<\/h5>\n\t\t\t\t\t\t\t<p class=\"serif small\">Composition, chant de gorge, tambour \/ France<\/p>\n\t\t\t\t\t\t<\/div><hr class=\"separator-left my-6\"><div data-animation=\"fade-in-bottom 1.2s .4s\">\n\t\t\t\t\t\t\t<h5 class=\"uppercase\">Isabelle Duthoit<\/h5>\n\t\t\t\t\t\t\t<p class=\"serif small\">Chant du Corps<\/p>\n\t\t\t\t\t\t<\/div>[\/vc_column][vc_column width=&#8221;1\/3&#8243; padding_right=&#8221;7&#8243;]<div data-animation=\"fade-in-bottom 1.2s .2s\">\n\t\t\t\t\t\t\t<h5 class=\"uppercase\">MIRA CETI<\/h5>\n\t\t\t\t\t\t\t<p class=\"serif small\">Chants sacr\u00e9s \/ France<\/p>\n\t\t\t\t\t\t<\/div><hr class=\"separator-left my-6\"><div data-animation=\"fade-in-bottom 1.2s .4s\">\n\t\t\t\t\t\t\t<h5 class=\"uppercase\">JOHANNI CURTET<\/h5>\n\t\t\t\t\t\t\t<p class=\"serif small\">Chant de gorge  et diphonique \/ France<\/p>\n\t\t\t\t\t\t<\/div><hr class=\"separator-left my-6\"><div data-animation=\"fade-in-bottom 1.2s .6s\">\n\t\t\t\t\t\t\t<h5 class=\"uppercase\">Lily Noorozy<\/h5>\n\t\t\t\t\t\t\t<p class=\"serif small\">Chant de gorge, percussions<\/p>\n\t\t\t\t\t\t<\/div>[\/vc_column][vc_column width=&#8221;1\/3&#8243; padding_right=&#8221;7&#8243;]<div data-animation=\"fade-in-bottom 1.2s .2s\">\n\t\t\t\t\t\t\t<h5 class=\"uppercase\">MANDAKHJARGAL  DAANSUREN<\/h5>\n\t\t\t\t\t\t\t<p class=\"serif small\">Chant de gorge et diphonique \/ Mongolie<\/p>\n\t\t\t\t\t\t<\/div><hr class=\"separator-left my-6\"><div data-animation=\"fade-in-bottom 1.2s .4s\">\n\t\t\t\t\t\t\t<h5 class=\"uppercase\">NAOMI SATO<\/h5>\n\t\t\t\t\t\t\t<p class=\"serif small\">Sho \/ Japon<\/p>\n\t\t\t\t\t\t<\/div><hr class=\"separator-left my-6\"><div data-animation=\"fade-in-bottom 1.2s .6s\">\n\t\t\t\t\t\t\t<h5 class=\"uppercase\">YIFEY HUA<\/h5>\n\t\t\t\t\t\t\t<p class=\"serif small\">Sheng \/ Chine<\/p>\n\t\t\t\t\t\t<\/div>[\/vc_column][\/vc_row][vc_row split_section=&#8221;1&#8243;][vc_column width=&#8221;1\/2&#8243; is_half_section=&#8221;1&#8243; padding_top=&#8221;7&#8243; padding_right=&#8221;7&#8243; padding_bottom=&#8221;7&#8243; padding_left=&#8221;7&#8243; hs_background_img=&#8221;26&#8243; el_class=&#8221;blocimgleft&#8221; hs_background=&#8221;#222222&#8243;][vc_single_image image=&#8221;141&#8243; img_size=&#8221;400&#215;400&#8243; alignment=&#8221;center&#8221; style=&#8221;vc_box_circle_2&#8243; css_animation=&#8221;fadeIn&#8221;][\/vc_column][vc_column width=&#8221;1\/2&#8243; is_half_section=&#8221;1&#8243; flex_center=&#8221;1&#8243; text_color=&#8221;light&#8221; padding_top=&#8221;9&#8243; padding_right=&#8221;9&#8243; padding_bottom=&#8221;9&#8243; padding_left=&#8221;9&#8243; hs_background=&#8221;#222222&#8243; el_class=&#8221;bloctxtdroite&#8221;][vc_row_inner css=&#8221;.vc_custom_1521461082558{margin-right: 0px !important;margin-left: 0px !important;}&#8221;][vc_column_inner]<h5>LES INSTRUMENTS DU SOIN<\/h5><hr class=\"separator-left\">[vc_column_text]<\/p>\n<h6 style=\"text-align: right\">VOIX, TAMBOURS,<br \/>\nSHO &amp; SHENG<\/h6>\n<p style=\"text-align: right\">Afin de cr\u00e9er sa musique de soin Pierre Redon a choisi le tambour pour donner l\u2019\u00e9lan vital ainsi que cet instrument ancestral qu\u2019est la voix, avec une attention particuli\u00e8re \u00e0 la technique du chant de gorge et du chant diphonique. Il s\u2019est \u00e9galement rendu en Chine pour rencontrer les luthiers de Sheng et faire fabriquer des orgues \u00e0 bouche accord\u00e9s sur les fr\u00e9quences vibratoires des organes en suivant le principe des 5 \u00e9l\u00e9ments de la m\u00e9decine traditionnelle chinoise.<\/p>\n<p>[\/vc_column_text][\/vc_column_inner][\/vc_row_inner][\/vc_column][\/vc_row][vc_row use_container=&#8221;1&#8243; container_def_padding=&#8221;1&#8243; text_color=&#8221;light&#8221; padding_top=&#8221;6&#8243; padding_right=&#8221;7&#8243; padding_bottom=&#8221;6&#8243; padding_left=&#8221;7&#8243; bg_lines=&#8221;1&#8243; bordered=&#8221;1&#8243; background_color=&#8221;#222222&#8243; el_class=&#8221;testclass&#8221;][vc_column hide_column=&#8221;1&#8243; css=&#8221;.vc_custom_1575916072773{padding-bottom: 0px !important;}&#8221;]<h5 class=\"mb-8\">UNIQUEMENT SUR R\u00c9SERVATION.<\/h5><div class=\"row no-gutters align-items-center p-5\">\n\t\t\t\t\t<div class=\"col-md\">\n\t\t\t\t\t\t<h2 data-animation=\"fade-in-bottom 800ms 200ms\" class=\"m-0\">J&#039;y vais !<\/h2>\n\t\t\t\t\t<\/div>\n\t\t\t\t\t<div class=\"col-auto\">\n\t\t\t\t\t\t<a data-animation=\"fade-in-bottom 500ms 500ms\" href=\"http:\/\/marchesonore.com\/la-boutique-shop\/\" class=\"button style-7 mb-0\" target=\"_blank\">R\u00c9SERVER<\/a>\n\t\t\t\t\t<\/div>\n\t\t\t\t<\/div>[\/vc_column][\/vc_row]<\/p>\n","protected":false},"excerpt":{"rendered":"<p>[vc_row el_class=&#8221;nopadding&#8221;][vc_column el_class=&#8221;nopadding&#8221;][\/vc_column][\/vc_row][vc_row use_container=&#8221;1&#8243; container_def_padding=&#8221;1&#8243; padding_top=&#8221;10&#8243; padding_right=&#8221;8&#8243; padding_bottom=&#8221;10&#8243; padding_left=&#8221;8&#8243; bg_lines=&#8221;1&#8243; no_gutters=&#8221;1&#8243;][vc_column width=&#8221;1\/2&#8243; padding_right=&#8221;7&#8243; offset=&#8221;vc_col-lg-6 vc_col-md-6 vc_col-xs-12&#8243;][vc_column_text] PIERRE REDON &amp; L&#8217;ENSEMBLE &#8220;9&#8221; INVITENT Isabelle G\u00e9ry-Haugmard [\/vc_column_text][vc_separator align=&#8221;align_left&#8221;][vc_column_text]C\u00c9R\u00c9MONIES, S\u00c9MINAIRES, &amp; SOINS INDIVIDUELS.[\/vc_column_text][vc_separator align=&#8221;align_left&#8221;][vc_column_text] Du 22 au\u00a024\u00a0novembre\u00a02019 \u00c0 la Maison Maria Casar\u00e8s ALLOUE &#8211; 16[\/vc_column_text][vc_separator align=&#8221;align_left&#8221;][\/vc_column][vc_column width=&#8221;1\/2&#8243; padding_top=&#8221;7&#8243; offset=&#8221;vc_col-lg-6 vc_col-md-6 vc_col-xs-12&#8243;][vc_column_text]La r\u00e9sidence \u00e0 la Maison Maria Casar\u00e8s marque [&hellip;]<\/p>\n","protected":false},"author":7,"featured_media":0,"comment_status":"closed","ping_status":"closed","sticky":false,"template":"","format":"standard","meta":{"footnotes":""},"categories":[2],"tags":[],"class_list":["post-1295","post","type-post","status-publish","format-standard","hentry","category-actualites"],"yoast_head":"<!-- This site is optimized with the Yoast SEO plugin v27.5 - https:\/\/yoast.com\/product\/yoast-seo-wordpress\/ -->\n<title>La Constellation Familiale &amp; le Son - &quot;9&quot; SOUND &amp; HEALING<\/title>\n<meta name=\"robots\" content=\"index, follow, max-snippet:-1, max-image-preview:large, max-video-preview:-1\" \/>\n<link rel=\"canonical\" href=\"https:\/\/www.sonetsoin.com\/en\/2020\/02\/28\/maison-maria-casares\/\" \/>\n<meta property=\"og:locale\" content=\"en_US\" \/>\n<meta property=\"og:type\" content=\"article\" \/>\n<meta property=\"og:title\" content=\"La Constellation Familiale &amp; le Son - &quot;9&quot; SOUND &amp; HEALING\" \/>\n<meta property=\"og:description\" content=\"[vc_row el_class=&#8221;nopadding&#8221;][vc_column el_class=&#8221;nopadding&#8221;][\/vc_column][\/vc_row][vc_row use_container=&#8221;1&#8243; container_def_padding=&#8221;1&#8243; padding_top=&#8221;10&#8243; padding_right=&#8221;8&#8243; padding_bottom=&#8221;10&#8243; padding_left=&#8221;8&#8243; bg_lines=&#8221;1&#8243; no_gutters=&#8221;1&#8243;][vc_column width=&#8221;1\/2&#8243; padding_right=&#8221;7&#8243; offset=&#8221;vc_col-lg-6 vc_col-md-6 vc_col-xs-12&#8243;][vc_column_text] PIERRE REDON &amp; L&#8217;ENSEMBLE &#8220;9&#8221; INVITENT Isabelle G\u00e9ry-Haugmard [\/vc_column_text][vc_separator align=&#8221;align_left&#8221;][vc_column_text]C\u00c9R\u00c9MONIES, S\u00c9MINAIRES, &amp; SOINS INDIVIDUELS.[\/vc_column_text][vc_separator align=&#8221;align_left&#8221;][vc_column_text] Du 22 au\u00a024\u00a0novembre\u00a02019 \u00c0 la Maison Maria Casar\u00e8s ALLOUE &#8211; 16[\/vc_column_text][vc_separator align=&#8221;align_left&#8221;][\/vc_column][vc_column width=&#8221;1\/2&#8243; padding_top=&#8221;7&#8243; offset=&#8221;vc_col-lg-6 vc_col-md-6 vc_col-xs-12&#8243;][vc_column_text]La r\u00e9sidence \u00e0 la Maison Maria Casar\u00e8s marque [&hellip;]\" \/>\n<meta property=\"og:url\" content=\"https:\/\/www.sonetsoin.com\/en\/2020\/02\/28\/maison-maria-casares\/\" \/>\n<meta property=\"og:site_name\" content=\"&quot;9&quot; SOUND &amp; HEALING\" \/>\n<meta property=\"article:published_time\" content=\"2020-02-28T17:17:49+00:00\" \/>\n<meta name=\"author\" content=\"pierre\" \/>\n<meta name=\"twitter:card\" content=\"summary_large_image\" \/>\n<meta name=\"twitter:label1\" content=\"Written by\" \/>\n\t<meta name=\"twitter:data1\" content=\"pierre\" \/>\n\t<meta name=\"twitter:label2\" content=\"Est. reading time\" \/>\n\t<meta name=\"twitter:data2\" content=\"9 minutes\" \/>\n<script type=\"application\/ld+json\" class=\"yoast-schema-graph\">{\"@context\":\"https:\\\/\\\/schema.org\",\"@graph\":[{\"@type\":\"Article\",\"@id\":\"https:\\\/\\\/www.sonetsoin.com\\\/en\\\/2020\\\/02\\\/28\\\/maison-maria-casares\\\/#article\",\"isPartOf\":{\"@id\":\"https:\\\/\\\/www.sonetsoin.com\\\/en\\\/2020\\\/02\\\/28\\\/maison-maria-casares\\\/\"},\"author\":{\"name\":\"pierre\",\"@id\":\"https:\\\/\\\/www.sonetsoin.com\\\/en\\\/#\\\/schema\\\/person\\\/9e15d22336fc806bd46b7aa422f8fb2b\"},\"headline\":\"La Constellation Familiale &amp; le Son\",\"datePublished\":\"2020-02-28T17:17:49+00:00\",\"mainEntityOfPage\":{\"@id\":\"https:\\\/\\\/www.sonetsoin.com\\\/en\\\/2020\\\/02\\\/28\\\/maison-maria-casares\\\/\"},\"wordCount\":1850,\"articleSection\":[\"actualit\u00e9s\"],\"inLanguage\":\"en-US\"},{\"@type\":\"WebPage\",\"@id\":\"https:\\\/\\\/www.sonetsoin.com\\\/en\\\/2020\\\/02\\\/28\\\/maison-maria-casares\\\/\",\"url\":\"https:\\\/\\\/www.sonetsoin.com\\\/en\\\/2020\\\/02\\\/28\\\/maison-maria-casares\\\/\",\"name\":\"La Constellation Familiale &amp; le Son - &quot;9&quot; SOUND &amp; HEALING\",\"isPartOf\":{\"@id\":\"https:\\\/\\\/www.sonetsoin.com\\\/en\\\/#website\"},\"datePublished\":\"2020-02-28T17:17:49+00:00\",\"author\":{\"@id\":\"https:\\\/\\\/www.sonetsoin.com\\\/en\\\/#\\\/schema\\\/person\\\/9e15d22336fc806bd46b7aa422f8fb2b\"},\"breadcrumb\":{\"@id\":\"https:\\\/\\\/www.sonetsoin.com\\\/en\\\/2020\\\/02\\\/28\\\/maison-maria-casares\\\/#breadcrumb\"},\"inLanguage\":\"en-US\",\"potentialAction\":[{\"@type\":\"ReadAction\",\"target\":[\"https:\\\/\\\/www.sonetsoin.com\\\/en\\\/2020\\\/02\\\/28\\\/maison-maria-casares\\\/\"]}]},{\"@type\":\"BreadcrumbList\",\"@id\":\"https:\\\/\\\/www.sonetsoin.com\\\/en\\\/2020\\\/02\\\/28\\\/maison-maria-casares\\\/#breadcrumb\",\"itemListElement\":[{\"@type\":\"ListItem\",\"position\":1,\"name\":\"Accueil\",\"item\":\"https:\\\/\\\/www.sonetsoin.com\\\/en\\\/\"},{\"@type\":\"ListItem\",\"position\":2,\"name\":\"La Constellation Familiale &amp; le Son\"}]},{\"@type\":\"WebSite\",\"@id\":\"https:\\\/\\\/www.sonetsoin.com\\\/en\\\/#website\",\"url\":\"https:\\\/\\\/www.sonetsoin.com\\\/en\\\/\",\"name\":\"&quot;9&quot; SOUND &amp; HEALING\",\"description\":\"\",\"potentialAction\":[{\"@type\":\"SearchAction\",\"target\":{\"@type\":\"EntryPoint\",\"urlTemplate\":\"https:\\\/\\\/www.sonetsoin.com\\\/en\\\/?s={search_term_string}\"},\"query-input\":{\"@type\":\"PropertyValueSpecification\",\"valueRequired\":true,\"valueName\":\"search_term_string\"}}],\"inLanguage\":\"en-US\"},{\"@type\":\"Person\",\"@id\":\"https:\\\/\\\/www.sonetsoin.com\\\/en\\\/#\\\/schema\\\/person\\\/9e15d22336fc806bd46b7aa422f8fb2b\",\"name\":\"pierre\"}]}<\/script>\n<!-- \/ Yoast SEO plugin. -->","yoast_head_json":{"title":"La Constellation Familiale &amp; le Son - &quot;9&quot; SOUND &amp; HEALING","robots":{"index":"index","follow":"follow","max-snippet":"max-snippet:-1","max-image-preview":"max-image-preview:large","max-video-preview":"max-video-preview:-1"},"canonical":"https:\/\/www.sonetsoin.com\/en\/2020\/02\/28\/maison-maria-casares\/","og_locale":"en_US","og_type":"article","og_title":"La Constellation Familiale &amp; le Son - &quot;9&quot; SOUND &amp; HEALING","og_description":"[vc_row el_class=&#8221;nopadding&#8221;][vc_column el_class=&#8221;nopadding&#8221;][\/vc_column][\/vc_row][vc_row use_container=&#8221;1&#8243; container_def_padding=&#8221;1&#8243; padding_top=&#8221;10&#8243; padding_right=&#8221;8&#8243; padding_bottom=&#8221;10&#8243; padding_left=&#8221;8&#8243; bg_lines=&#8221;1&#8243; no_gutters=&#8221;1&#8243;][vc_column width=&#8221;1\/2&#8243; padding_right=&#8221;7&#8243; offset=&#8221;vc_col-lg-6 vc_col-md-6 vc_col-xs-12&#8243;][vc_column_text] PIERRE REDON &amp; L&#8217;ENSEMBLE &#8220;9&#8221; INVITENT Isabelle G\u00e9ry-Haugmard [\/vc_column_text][vc_separator align=&#8221;align_left&#8221;][vc_column_text]C\u00c9R\u00c9MONIES, S\u00c9MINAIRES, &amp; SOINS INDIVIDUELS.[\/vc_column_text][vc_separator align=&#8221;align_left&#8221;][vc_column_text] Du 22 au\u00a024\u00a0novembre\u00a02019 \u00c0 la Maison Maria Casar\u00e8s ALLOUE &#8211; 16[\/vc_column_text][vc_separator align=&#8221;align_left&#8221;][\/vc_column][vc_column width=&#8221;1\/2&#8243; padding_top=&#8221;7&#8243; offset=&#8221;vc_col-lg-6 vc_col-md-6 vc_col-xs-12&#8243;][vc_column_text]La r\u00e9sidence \u00e0 la Maison Maria Casar\u00e8s marque [&hellip;]","og_url":"https:\/\/www.sonetsoin.com\/en\/2020\/02\/28\/maison-maria-casares\/","og_site_name":"&quot;9&quot; SOUND &amp; HEALING","article_published_time":"2020-02-28T17:17:49+00:00","author":"pierre","twitter_card":"summary_large_image","twitter_misc":{"Written by":"pierre","Est. reading time":"9 minutes"},"schema":{"@context":"https:\/\/schema.org","@graph":[{"@type":"Article","@id":"https:\/\/www.sonetsoin.com\/en\/2020\/02\/28\/maison-maria-casares\/#article","isPartOf":{"@id":"https:\/\/www.sonetsoin.com\/en\/2020\/02\/28\/maison-maria-casares\/"},"author":{"name":"pierre","@id":"https:\/\/www.sonetsoin.com\/en\/#\/schema\/person\/9e15d22336fc806bd46b7aa422f8fb2b"},"headline":"La Constellation Familiale &amp; le Son","datePublished":"2020-02-28T17:17:49+00:00","mainEntityOfPage":{"@id":"https:\/\/www.sonetsoin.com\/en\/2020\/02\/28\/maison-maria-casares\/"},"wordCount":1850,"articleSection":["actualit\u00e9s"],"inLanguage":"en-US"},{"@type":"WebPage","@id":"https:\/\/www.sonetsoin.com\/en\/2020\/02\/28\/maison-maria-casares\/","url":"https:\/\/www.sonetsoin.com\/en\/2020\/02\/28\/maison-maria-casares\/","name":"La Constellation Familiale &amp; le Son - &quot;9&quot; SOUND &amp; HEALING","isPartOf":{"@id":"https:\/\/www.sonetsoin.com\/en\/#website"},"datePublished":"2020-02-28T17:17:49+00:00","author":{"@id":"https:\/\/www.sonetsoin.com\/en\/#\/schema\/person\/9e15d22336fc806bd46b7aa422f8fb2b"},"breadcrumb":{"@id":"https:\/\/www.sonetsoin.com\/en\/2020\/02\/28\/maison-maria-casares\/#breadcrumb"},"inLanguage":"en-US","potentialAction":[{"@type":"ReadAction","target":["https:\/\/www.sonetsoin.com\/en\/2020\/02\/28\/maison-maria-casares\/"]}]},{"@type":"BreadcrumbList","@id":"https:\/\/www.sonetsoin.com\/en\/2020\/02\/28\/maison-maria-casares\/#breadcrumb","itemListElement":[{"@type":"ListItem","position":1,"name":"Accueil","item":"https:\/\/www.sonetsoin.com\/en\/"},{"@type":"ListItem","position":2,"name":"La Constellation Familiale &amp; le Son"}]},{"@type":"WebSite","@id":"https:\/\/www.sonetsoin.com\/en\/#website","url":"https:\/\/www.sonetsoin.com\/en\/","name":"&quot;9&quot; SOUND &amp; HEALING","description":"","potentialAction":[{"@type":"SearchAction","target":{"@type":"EntryPoint","urlTemplate":"https:\/\/www.sonetsoin.com\/en\/?s={search_term_string}"},"query-input":{"@type":"PropertyValueSpecification","valueRequired":true,"valueName":"search_term_string"}}],"inLanguage":"en-US"},{"@type":"Person","@id":"https:\/\/www.sonetsoin.com\/en\/#\/schema\/person\/9e15d22336fc806bd46b7aa422f8fb2b","name":"pierre"}]}},"_links":{"self":[{"href":"https:\/\/www.sonetsoin.com\/en\/wp-json\/wp\/v2\/posts\/1295","targetHints":{"allow":["GET"]}}],"collection":[{"href":"https:\/\/www.sonetsoin.com\/en\/wp-json\/wp\/v2\/posts"}],"about":[{"href":"https:\/\/www.sonetsoin.com\/en\/wp-json\/wp\/v2\/types\/post"}],"author":[{"embeddable":true,"href":"https:\/\/www.sonetsoin.com\/en\/wp-json\/wp\/v2\/users\/7"}],"replies":[{"embeddable":true,"href":"https:\/\/www.sonetsoin.com\/en\/wp-json\/wp\/v2\/comments?post=1295"}],"version-history":[{"count":0,"href":"https:\/\/www.sonetsoin.com\/en\/wp-json\/wp\/v2\/posts\/1295\/revisions"}],"wp:attachment":[{"href":"https:\/\/www.sonetsoin.com\/en\/wp-json\/wp\/v2\/media?parent=1295"}],"wp:term":[{"taxonomy":"category","embeddable":true,"href":"https:\/\/www.sonetsoin.com\/en\/wp-json\/wp\/v2\/categories?post=1295"},{"taxonomy":"post_tag","embeddable":true,"href":"https:\/\/www.sonetsoin.com\/en\/wp-json\/wp\/v2\/tags?post=1295"}],"curies":[{"name":"wp","href":"https:\/\/api.w.org\/{rel}","templated":true}]}}